{"id":2078,"date":"2025-10-30T10:55:38","date_gmt":"2025-10-30T10:55:38","guid":{"rendered":"https:\/\/dislogroup.com\/?p=2078"},"modified":"2025-10-30T10:55:39","modified_gmt":"2025-10-30T10:55:39","slug":"interview-exclusive-moncef-belkhayat-le-maroc-est-en-hypercroissance-rejoignez-le","status":"publish","type":"post","link":"https:\/\/dislogroup.com\/fr\/interview-exclusive-moncef-belkhayat-le-maroc-est-en-hypercroissance-rejoignez-le\/","title":{"rendered":"Interview exclusive | Moncef Belkhayat : \u00ab Le Maroc est en hypercroissance, rejoignez-le ! \u00bb"},"content":{"rendered":"\n<p>Entre audace, patriotisme \u00e9conomique et vision d\u2019avenir, <strong>Moncef Belkhayat<\/strong>, Pr\u00e9sident de <strong>Dislog Group<\/strong> et de <strong>H&amp;S Invest Holding<\/strong>, partage avec <em>Maroc-Patriotique<\/em> sa lecture inspirante du <strong>Maroc 2030<\/strong> et adresse un appel fort \u00e0 la diaspora :<\/p>\n\n\n\n<blockquote class=\"wp-block-quote is-layout-flow wp-block-quote-is-layout-flow\">\n<p>\u00ab Le Maroc a besoin de ses talents. \u00bb<\/p>\n<\/blockquote>\n\n\n\n<p>\u00c0 travers cette interview, il \u00e9voque les grandes transformations \u00e9conomiques du Royaume, les opportunit\u00e9s de croissance offertes par la nouvelle dynamique industrielle et entrepreneuriale, ainsi que le r\u00f4le crucial de la jeunesse marocaine et des talents du monde entier dans la construction d\u2019un <strong>Maroc moderne, ouvert et ambitieux<\/strong>.<\/p>\n\n\n\n<p>Vision, rigueur, passion et audace : quatre piliers qui r\u00e9sument le parcours et la philosophie d\u2019un <strong>entrepreneur patriote<\/strong> d\u00e9termin\u00e9 \u00e0 b\u00e2tir des <strong>champions nationaux<\/strong> et \u00e0 renforcer la souverainet\u00e9 \u00e9conomique du pays.<\/p>\n\n\n\n<p>Lire l\u2019interview compl\u00e8te via l&rsquo;article : <\/p>\n\n\n\n<p><a href=\"https:\/\/www.maroc-patriotique.com\/post\/moncef-belkhayat-le-visage-d-un-entrepreneuriat-marocain-moderne\">https:\/\/www.maroc-patriotique.com\/post\/moncef-belkhayat-le-visage-d-un-entrepreneuriat-marocain-moderne<\/a><\/p>\n\n\n\n<p><\/p>\n","protected":false},"excerpt":{"rendered":"<p>Entre audace, patriotisme \u00e9conomique et vision d\u2019avenir, Moncef Belkhayat, Pr\u00e9sident de Dislog Group et de H&amp;S Invest Holding, partage avec Maroc-Patriotique sa lecture inspirante du Maroc 2030 et adresse un appel fort \u00e0 la diaspora : \u00ab Le Maroc a besoin de ses talents. \u00bb \u00c0 travers cette interview, il \u00e9voque les grandes transformations \u00e9conomiques [&hellip;]<\/p>\n","protected":false},"author":3,"featured_media":2079,"comment_status":"closed","ping_status":"open","sticky":false,"template":"","format":"standard","meta":{"_eb_attr":"","footnotes":""},"categories":[1],"tags":[],"class_list":["post-2078","post","type-post","status-publish","format-standard","has-post-thumbnail","hentry","category-newsroom"],"_links":{"self":[{"href":"https:\/\/dislogroup.com\/fr\/wp-json\/wp\/v2\/posts\/2078","targetHints":{"allow":["GET"]}}],"collection":[{"href":"https:\/\/dislogroup.com\/fr\/wp-json\/wp\/v2\/posts"}],"about":[{"href":"https:\/\/dislogroup.com\/fr\/wp-json\/wp\/v2\/types\/post"}],"author":[{"embeddable":true,"href":"https:\/\/dislogroup.com\/fr\/wp-json\/wp\/v2\/users\/3"}],"replies":[{"embeddable":true,"href":"https:\/\/dislogroup.com\/fr\/wp-json\/wp\/v2\/comments?post=2078"}],"version-history":[{"count":1,"href":"https:\/\/dislogroup.com\/fr\/wp-json\/wp\/v2\/posts\/2078\/revisions"}],"predecessor-version":[{"id":2080,"href":"https:\/\/dislogroup.com\/fr\/wp-json\/wp\/v2\/posts\/2078\/revisions\/2080"}],"wp:featuredmedia":[{"embeddable":true,"href":"https:\/\/dislogroup.com\/fr\/wp-json\/wp\/v2\/media\/2079"}],"wp:attachment":[{"href":"https:\/\/dislogroup.com\/fr\/wp-json\/wp\/v2\/media?parent=2078"}],"wp:term":[{"taxonomy":"category","embeddable":true,"href":"https:\/\/dislogroup.com\/fr\/wp-json\/wp\/v2\/categories?post=2078"},{"taxonomy":"post_tag","embeddable":true,"href":"https:\/\/dislogroup.com\/fr\/wp-json\/wp\/v2\/tags?post=2078"}],"curies":[{"name":"wp","href":"https:\/\/api.w.org\/{rel}","templated":true}]}}