{"id":2084,"date":"2025-11-03T13:14:34","date_gmt":"2025-11-03T13:14:34","guid":{"rendered":"https:\/\/dislogroup.com\/?p=2084"},"modified":"2025-11-03T13:14:35","modified_gmt":"2025-11-03T13:14:35","slug":"des-talents-inspirants-pour-un-maroc-tourne-vers-lavenir","status":"publish","type":"post","link":"https:\/\/dislogroup.com\/fr\/des-talents-inspirants-pour-un-maroc-tourne-vers-lavenir\/","title":{"rendered":"Des talents inspirants pour un Maroc tourn\u00e9 vers l\u2019avenir"},"content":{"rendered":"\n<p>Le <strong>Forum Menbita \u00e0 Paris<\/strong> a r\u00e9uni des centaines de <strong>talents marocains \u00e0 l\u2019international<\/strong>, porteurs d\u2019ambition et d\u2019une volont\u00e9 forte de contribuer au d\u00e9veloppement du Maroc.<\/p>\n\n\n\n<p><strong>Dislog Group<\/strong> a eu le plaisir de participer \u00e0 cet \u00e9v\u00e9nement, qui a permis de partager sa vision, ses opportunit\u00e9s de carri\u00e8re et son engagement envers la <strong>jeunesse marocaine<\/strong>, qu\u2019elle soit au Maroc ou \u00e0 l\u2019\u00e9tranger.<\/p>\n\n\n\n<p>Ces \u00e9changes riches ont mis en lumi\u00e8re une g\u00e9n\u00e9ration de jeunes Marocains dynamiques, form\u00e9s \u00e0 l\u2019international et d\u00e9sireux de participer \u00e0 la transformation du Royaume.<br>Un message fort port\u00e9 par notre Pr\u00e9sident <strong>Moncef Belkhayat<\/strong>, soulignant que <em>le Maroc est en hypercroissance et qu\u2019il a besoin de ses talents.<\/em><\/p>\n\n\n\n<p>Cet engagement s\u2019inscrit pleinement dans la mission du groupe : <strong>d\u00e9velopper l\u2019\u00e9conomie de la vie<\/strong> en pla\u00e7ant <strong>l\u2019humain et l\u2019innovation<\/strong> au c\u0153ur de la performance.<\/p>\n\n\n\n<p><\/p>\n","protected":false},"excerpt":{"rendered":"<p>Le Forum Menbita \u00e0 Paris a r\u00e9uni des centaines de talents marocains \u00e0 l\u2019international, porteurs d\u2019ambition et d\u2019une volont\u00e9 forte de contribuer au d\u00e9veloppement du Maroc. Dislog Group a eu le plaisir de participer \u00e0 cet \u00e9v\u00e9nement, qui a permis de partager sa vision, ses opportunit\u00e9s de carri\u00e8re et son engagement envers la jeunesse marocaine, [&hellip;]<\/p>\n","protected":false},"author":3,"featured_media":2085,"comment_status":"closed","ping_status":"open","sticky":false,"template":"","format":"standard","meta":{"_eb_attr":"","footnotes":""},"categories":[1],"tags":[],"class_list":["post-2084","post","type-post","status-publish","format-standard","has-post-thumbnail","hentry","category-newsroom"],"_links":{"self":[{"href":"https:\/\/dislogroup.com\/fr\/wp-json\/wp\/v2\/posts\/2084","targetHints":{"allow":["GET"]}}],"collection":[{"href":"https:\/\/dislogroup.com\/fr\/wp-json\/wp\/v2\/posts"}],"about":[{"href":"https:\/\/dislogroup.com\/fr\/wp-json\/wp\/v2\/types\/post"}],"author":[{"embeddable":true,"href":"https:\/\/dislogroup.com\/fr\/wp-json\/wp\/v2\/users\/3"}],"replies":[{"embeddable":true,"href":"https:\/\/dislogroup.com\/fr\/wp-json\/wp\/v2\/comments?post=2084"}],"version-history":[{"count":1,"href":"https:\/\/dislogroup.com\/fr\/wp-json\/wp\/v2\/posts\/2084\/revisions"}],"predecessor-version":[{"id":2086,"href":"https:\/\/dislogroup.com\/fr\/wp-json\/wp\/v2\/posts\/2084\/revisions\/2086"}],"wp:featuredmedia":[{"embeddable":true,"href":"https:\/\/dislogroup.com\/fr\/wp-json\/wp\/v2\/media\/2085"}],"wp:attachment":[{"href":"https:\/\/dislogroup.com\/fr\/wp-json\/wp\/v2\/media?parent=2084"}],"wp:term":[{"taxonomy":"category","embeddable":true,"href":"https:\/\/dislogroup.com\/fr\/wp-json\/wp\/v2\/categories?post=2084"},{"taxonomy":"post_tag","embeddable":true,"href":"https:\/\/dislogroup.com\/fr\/wp-json\/wp\/v2\/tags?post=2084"}],"curies":[{"name":"wp","href":"https:\/\/api.w.org\/{rel}","templated":true}]}}