{"id":2132,"date":"2025-12-04T13:12:18","date_gmt":"2025-12-04T13:12:18","guid":{"rendered":"https:\/\/dislogroup.com\/?p=2132"},"modified":"2025-12-04T13:18:09","modified_gmt":"2025-12-04T13:18:09","slug":"festival-andalussyat-signe-son-grand-retour-pour-sa-22%e1%b5%89-edition-dislog-group-renouvelle-son-engagement-en-faveur-du-patrimoine-culturel-aux-cotes-de-laamam","status":"publish","type":"post","link":"https:\/\/dislogroup.com\/fr\/festival-andalussyat-signe-son-grand-retour-pour-sa-22%e1%b5%89-edition-dislog-group-renouvelle-son-engagement-en-faveur-du-patrimoine-culturel-aux-cotes-de-laamam\/","title":{"rendered":"Festival Andalussyat signe son grand retour pour sa 22\u1d49 \u00e9dition ! Dislog Group renouvelle son engagement en faveur du patrimoine culturel aux c\u00f4t\u00e9s de l\u2019AAMAM."},"content":{"rendered":"\t\t<div data-elementor-type=\"wp-post\" data-elementor-id=\"2132\" class=\"elementor elementor-2132\" data-elementor-post-type=\"post\">\n\t\t\t\t<div class=\"elementor-element elementor-element-2e6b3e8c e-flex e-con-boxed e-con e-parent\" data-id=\"2e6b3e8c\" data-element_type=\"container\">\n\t\t\t\t\t<div class=\"e-con-inner\">\n\t\t\t\t<div class=\"elementor-element elementor-element-49cd5415 elementor-widget elementor-widget-text-editor\" data-id=\"49cd5415\" data-element_type=\"widget\" data-widget_type=\"text-editor.default\">\n\t\t\t\t<div class=\"elementor-widget-container\">\n\t\t\t\t\t\t\t\t\t<p><\/p>\n<p>Plac\u00e9e sous le Haut Patronage de Sa Majest\u00e9 le Roi Mohammed VI, la 22\u1d49 \u00e9dition du festival Andalussyat se tiendra du\u00a0<strong>11 au 13 d\u00e9cembre<\/strong>. Organis\u00e9 par l\u2019Association des Amateurs de Musique Andalouse du Maroc (AAMAM), et soutenu par le minist\u00e8re de la Jeunesse, de la Culture et de la Communication ainsi que la r\u00e9gion de Casablanca, l\u2019\u00e9v\u00e9nement mettra cette ann\u00e9e \u00e0 l\u2019honneur la musique andalouse\u00a0<em>Al Ala<\/em>.<\/p>\n<p>Dans le cadre de cette nouvelle \u00e9dition, l\u2019AAMAM s\u2019associe \u00e0\u00a0<strong>Dislog Group<\/strong>, qui rejoint les sponsors officiels du festival pour la 3eme ann\u00e9e cons\u00e9cutive . Par cet engagement, le groupe confirme sa volont\u00e9 de contribuer activement \u00e0 la pr\u00e9servation et \u00e0 la valorisation de ce patrimoine musical ancestral.<\/p>\n<p>\u00ab\u00a0<strong>Nous sommes extr\u00eamement fiers de participer \u00e0 la promotion de ce patrimoine, un acte citoyen qui contribue \u00e0 l\u2019ancrage culturel de notre pays. En tant qu\u2019acteur \u00e9conomique majeur, nous avons \u00e9galement pour mission de soutenir l\u2019art, la culture et le sport, v\u00e9ritables leviers de d\u00e9veloppement<\/strong>\u00a0\u00bb, souligne Moncef Belkhayat, CEO de Dislog Group.<\/p>\n<p><strong>Une \u00e9dition plac\u00e9e sous un double th\u00e8me symbolique<\/strong><\/p>\n<p>Plac\u00e9e sous le th\u00e8me :\u00a0<strong>\u00ab Lumi\u00e8re proph\u00e9tique et Marche patriotique \u00bb<\/strong>, cette \u00e9dition rend hommage \u00e0 deux anniversaires historiques : les 15 si\u00e8cles de la naissance du Proph\u00e8te Mohammed et les 50 ans de la Marche Verte.<br \/>Pour le pr\u00e9sident de l\u2019AAMAM,\u00a0<strong>Azzedine Kettani<\/strong>, cette double r\u00e9f\u00e9rence conf\u00e8re au festival une dimension particuli\u00e8rement forte. Il a rappel\u00e9, avec \u00e9motion, l\u2019importance de transmettre et de pr\u00e9server un h\u00e9ritage musical profond\u00e9ment ancr\u00e9 dans la vie de nombreuses familles marocaines.<\/p>\n<p><strong>Une programmation artistique riche et vari\u00e9e\u00a0: <\/strong>Les organisateurs ont d\u00e9voil\u00e9 un programme compos\u00e9 de trois soir\u00e9es aux identit\u00e9s musicales distinctes :<\/p>\n<p><strong>Jeudi 11 d\u00e9cembre \u2013 Casablanca (Salle du Carr\u00e9 d\u2019Or)\u00a0: <\/strong>Une ouverture r\u00e9unissant\u00a0<strong>Abir Elabed<\/strong>, le musicien\u00a0<strong>Sergio De Lope<\/strong>\u00a0et l\u2019ensemble dirig\u00e9 par le maestro\u00a0<strong>Omar Metioui<\/strong>, pour une rencontre harmonieuse entre voix, instruments et touches contemporaines.<\/p>\n<p><strong>Vendredi 12 d\u00e9cembre \u2013 Rabat (Th\u00e9\u00e2tre Mohammed V)\u00a0: <\/strong>Une soir\u00e9e hommage avec l\u2019orchestre de\u00a0<strong>Mohamed Briouel<\/strong>\u00a0et la participation du\u00a0<strong>cheikh Ali Rebbahi<\/strong>, d\u00e9di\u00e9e aux grandes figures et \u00e9coles de la musique andalouse.<\/p>\n<p><strong>Samedi 13 d\u00e9cembre \u2013 Mazagan\u00a0: <\/strong>Sous la direction du maestro\u00a0<strong>Adnane Matrone<\/strong>, reconnu pour ses performances magistrales, la sc\u00e8ne accueillera une fusion audacieuse m\u00ealant saxophones, sonorit\u00e9s andalouses et les ensembles\u00a0<strong>JOPMA<\/strong>\u00a0et\u00a0<strong>CASASAWT<\/strong>. Une proposition artistique innovante, salu\u00e9e par l\u2019enthousiasme du public.<\/p>\n<p><strong>Un volet scientifique pour approfondir la r\u00e9flexion\u00a0: <\/strong>Comme chaque ann\u00e9e, le festival inclura une\u00a0<strong>conf\u00e9rence scientifique<\/strong>\u00a0organis\u00e9e \u00e0 Mazagan, en pr\u00e9sence des ma\u00eetres\u00a0<strong>Omar Metioui<\/strong>\u00a0et\u00a0<strong>Thami Harrak<\/strong>. Cette rencontre visera \u00e0 explorer le r\u00f4le de la musique andalouse dans la culture marocaine contemporaine et les moyens de la transmettre aux nouvelles g\u00e9n\u00e9rations.<\/p>\n<p>\u00a0<\/p>\n<p><\/p>\t\t\t\t\t\t\t\t<\/div>\n\t\t\t\t<\/div>\n\t\t\t\t\t<\/div>\n\t\t\t\t<\/div>\n\t\t\t\t<\/div>\n\t\t","protected":false},"excerpt":{"rendered":"<p>Plac\u00e9e sous le Haut Patronage de Sa Majest\u00e9 le Roi Mohammed VI, la 22\u1d49 \u00e9dition du festival Andalussyat se tiendra du 11 au 13 d\u00e9cembre. Organis\u00e9 par l\u2019Association des Amateurs de Musique Andalouse du Maroc (AAMAM), et soutenu par le minist\u00e8re de la Jeunesse, de la Culture et de la Communication ainsi que la r\u00e9gion de Casablanca, l\u2019\u00e9v\u00e9nement mettra cette ann\u00e9e \u00e0 l\u2019honneur la musique andalouse Al Ala.<\/p>\n","protected":false},"author":3,"featured_media":2134,"comment_status":"closed","ping_status":"open","sticky":false,"template":"","format":"standard","meta":{"_eb_attr":"","footnotes":""},"categories":[1],"tags":[],"class_list":["post-2132","post","type-post","status-publish","format-standard","has-post-thumbnail","hentry","category-newsroom"],"_links":{"self":[{"href":"https:\/\/dislogroup.com\/fr\/wp-json\/wp\/v2\/posts\/2132","targetHints":{"allow":["GET"]}}],"collection":[{"href":"https:\/\/dislogroup.com\/fr\/wp-json\/wp\/v2\/posts"}],"about":[{"href":"https:\/\/dislogroup.com\/fr\/wp-json\/wp\/v2\/types\/post"}],"author":[{"embeddable":true,"href":"https:\/\/dislogroup.com\/fr\/wp-json\/wp\/v2\/users\/3"}],"replies":[{"embeddable":true,"href":"https:\/\/dislogroup.com\/fr\/wp-json\/wp\/v2\/comments?post=2132"}],"version-history":[{"count":5,"href":"https:\/\/dislogroup.com\/fr\/wp-json\/wp\/v2\/posts\/2132\/revisions"}],"predecessor-version":[{"id":2138,"href":"https:\/\/dislogroup.com\/fr\/wp-json\/wp\/v2\/posts\/2132\/revisions\/2138"}],"wp:featuredmedia":[{"embeddable":true,"href":"https:\/\/dislogroup.com\/fr\/wp-json\/wp\/v2\/media\/2134"}],"wp:attachment":[{"href":"https:\/\/dislogroup.com\/fr\/wp-json\/wp\/v2\/media?parent=2132"}],"wp:term":[{"taxonomy":"category","embeddable":true,"href":"https:\/\/dislogroup.com\/fr\/wp-json\/wp\/v2\/categories?post=2132"},{"taxonomy":"post_tag","embeddable":true,"href":"https:\/\/dislogroup.com\/fr\/wp-json\/wp\/v2\/tags?post=2132"}],"curies":[{"name":"wp","href":"https:\/\/api.w.org\/{rel}","templated":true}]}}